{"id":207,"date":"2017-03-11T11:00:33","date_gmt":"2017-03-11T14:00:33","guid":{"rendered":"http:\/\/magadesigner.com.br\/site\/?p=207"},"modified":"2017-12-11T11:08:14","modified_gmt":"2017-12-11T13:08:14","slug":"febre-amarela-rj","status":"publish","type":"post","link":"http:\/\/magadesigner.com.br\/site\/febre-amarela-rj\/","title":{"rendered":"Febre Amarela RJ"},"content":{"rendered":"<p>O site tem como objetivo reunir informa\u00e7\u00f5es para a popula\u00e7\u00e3o sobre a febre amarela, seus sintomas e tratamento, al\u00e9m de orienta\u00e7\u00f5es sobre a vacina\u00e7\u00e3o no estado do Rio. Desenvolvido para a ag\u00eancia Woden!<\/p>\n<p><a href=\"http:\/\/www.febreamarelarj.com.br\">www.febreamarelarj.com.br\/<\/a><\/p>\n","protected":false},"excerpt":{"rendered":"<p>O site tem como objetivo reunir informa\u00e7\u00f5es para a popula\u00e7\u00e3o sobre a febre amarela, seus sintomas e tratamento, al\u00e9m de orienta\u00e7\u00f5es sobre a vacina\u00e7\u00e3o no estado do Rio. Desenvolvido para a ag\u00eancia Woden! www.febreamarelarj.com.br\/<\/p>\n","protected":false},"author":1,"featured_media":0,"comment_status":"open","ping_status":"open","sticky":false,"template":"","format":"standard","meta":[],"categories":[1],"tags":[],"_links":{"self":[{"href":"http:\/\/magadesigner.com.br\/site\/wp-json\/wp\/v2\/posts\/207"}],"collection":[{"href":"http:\/\/magadesigner.com.br\/site\/wp-json\/wp\/v2\/posts"}],"about":[{"href":"http:\/\/magadesigner.com.br\/site\/wp-json\/wp\/v2\/types\/post"}],"author":[{"embeddable":true,"href":"http:\/\/magadesigner.com.br\/site\/wp-json\/wp\/v2\/users\/1"}],"replies":[{"embeddable":true,"href":"http:\/\/magadesigner.com.br\/site\/wp-json\/wp\/v2\/comments?post=207"}],"version-history":[{"count":5,"href":"http:\/\/magadesigner.com.br\/site\/wp-json\/wp\/v2\/posts\/207\/revisions"}],"predecessor-version":[{"id":234,"href":"http:\/\/magadesigner.com.br\/site\/wp-json\/wp\/v2\/posts\/207\/revisions\/234"}],"wp:attachment":[{"href":"http:\/\/magadesigner.com.br\/site\/wp-json\/wp\/v2\/media?parent=207"}],"wp:term":[{"taxonomy":"category","embeddable":true,"href":"http:\/\/magadesigner.com.br\/site\/wp-json\/wp\/v2\/categories?post=207"},{"taxonomy":"post_tag","embeddable":true,"href":"http:\/\/magadesigner.com.br\/site\/wp-json\/wp\/v2\/tags?post=207"}],"curies":[{"name":"wp","href":"https:\/\/api.w.org\/{rel}","templated":true}]}}