{"id":173,"date":"2017-03-30T21:33:29","date_gmt":"2017-03-31T00:33:29","guid":{"rendered":"http:\/\/magadesigner.com.br\/site\/?p=173"},"modified":"2017-03-30T21:33:29","modified_gmt":"2017-03-31T00:33:29","slug":"rio-contra-o-aedes","status":"publish","type":"post","link":"http:\/\/magadesigner.com.br\/site\/rio-contra-o-aedes\/","title":{"rendered":"Rio contra o Aedes"},"content":{"rendered":"<p>Site da Secretaria Estadual de Sa\u00fade do Rio de Janeiro (SES), para informar e engajar junto as crian\u00e7as e adultos na presen\u00e7as das doen\u00e7as causadas pelo Aedes aegypti.<\/p>\n<p><a href=\"http:\/\/www.riocontraoaedes.com.br\/\" target=\"_blank\">http:\/\/www.riocontraoaedes.com.br\/<\/a><\/p>\n","protected":false},"excerpt":{"rendered":"<p>Site da Secretaria Estadual de Sa\u00fade do Rio de Janeiro (SES), para informar e engajar junto as crian\u00e7as e adultos na presen\u00e7as das doen\u00e7as causadas pelo Aedes aegypti. http:\/\/www.riocontraoaedes.com.br\/<\/p>\n","protected":false},"author":1,"featured_media":185,"comment_status":"open","ping_status":"open","sticky":false,"template":"","format":"standard","meta":[],"categories":[1],"tags":[],"_links":{"self":[{"href":"http:\/\/magadesigner.com.br\/site\/wp-json\/wp\/v2\/posts\/173"}],"collection":[{"href":"http:\/\/magadesigner.com.br\/site\/wp-json\/wp\/v2\/posts"}],"about":[{"href":"http:\/\/magadesigner.com.br\/site\/wp-json\/wp\/v2\/types\/post"}],"author":[{"embeddable":true,"href":"http:\/\/magadesigner.com.br\/site\/wp-json\/wp\/v2\/users\/1"}],"replies":[{"embeddable":true,"href":"http:\/\/magadesigner.com.br\/site\/wp-json\/wp\/v2\/comments?post=173"}],"version-history":[{"count":3,"href":"http:\/\/magadesigner.com.br\/site\/wp-json\/wp\/v2\/posts\/173\/revisions"}],"predecessor-version":[{"id":184,"href":"http:\/\/magadesigner.com.br\/site\/wp-json\/wp\/v2\/posts\/173\/revisions\/184"}],"wp:featuredmedia":[{"embeddable":true,"href":"http:\/\/magadesigner.com.br\/site\/wp-json\/wp\/v2\/media\/185"}],"wp:attachment":[{"href":"http:\/\/magadesigner.com.br\/site\/wp-json\/wp\/v2\/media?parent=173"}],"wp:term":[{"taxonomy":"category","embeddable":true,"href":"http:\/\/magadesigner.com.br\/site\/wp-json\/wp\/v2\/categories?post=173"},{"taxonomy":"post_tag","embeddable":true,"href":"http:\/\/magadesigner.com.br\/site\/wp-json\/wp\/v2\/tags?post=173"}],"curies":[{"name":"wp","href":"https:\/\/api.w.org\/{rel}","templated":true}]}}