{"id":161,"date":"2017-03-17T15:30:50","date_gmt":"2017-03-17T18:30:50","guid":{"rendered":"http:\/\/magadesigner.com.br\/site\/?p=161"},"modified":"2017-03-17T15:30:50","modified_gmt":"2017-03-17T18:30:50","slug":"portal-de-desenvolvimento-artisitico-globo","status":"publish","type":"post","link":"http:\/\/magadesigner.com.br\/site\/portal-de-desenvolvimento-artisitico-globo\/","title":{"rendered":"Portal de Desenvolvimento Art\u00edsitico &#8211; Globo"},"content":{"rendered":"<p>Site desenvolvido para a Rede Globo para o desenvolvimento art\u00edstico dos funcion\u00e1rios, com uso exclusivo para os funcion\u00e1rios.<\/p>\n","protected":false},"excerpt":{"rendered":"<p>Site desenvolvido para a Rede Globo para o desenvolvimento art\u00edstico dos funcion\u00e1rios, com uso exclusivo para os funcion\u00e1rios.<\/p>\n","protected":false},"author":1,"featured_media":162,"comment_status":"open","ping_status":"open","sticky":false,"template":"","format":"standard","meta":[],"categories":[1],"tags":[],"_links":{"self":[{"href":"http:\/\/magadesigner.com.br\/site\/wp-json\/wp\/v2\/posts\/161"}],"collection":[{"href":"http:\/\/magadesigner.com.br\/site\/wp-json\/wp\/v2\/posts"}],"about":[{"href":"http:\/\/magadesigner.com.br\/site\/wp-json\/wp\/v2\/types\/post"}],"author":[{"embeddable":true,"href":"http:\/\/magadesigner.com.br\/site\/wp-json\/wp\/v2\/users\/1"}],"replies":[{"embeddable":true,"href":"http:\/\/magadesigner.com.br\/site\/wp-json\/wp\/v2\/comments?post=161"}],"version-history":[{"count":1,"href":"http:\/\/magadesigner.com.br\/site\/wp-json\/wp\/v2\/posts\/161\/revisions"}],"predecessor-version":[{"id":167,"href":"http:\/\/magadesigner.com.br\/site\/wp-json\/wp\/v2\/posts\/161\/revisions\/167"}],"wp:featuredmedia":[{"embeddable":true,"href":"http:\/\/magadesigner.com.br\/site\/wp-json\/wp\/v2\/media\/162"}],"wp:attachment":[{"href":"http:\/\/magadesigner.com.br\/site\/wp-json\/wp\/v2\/media?parent=161"}],"wp:term":[{"taxonomy":"category","embeddable":true,"href":"http:\/\/magadesigner.com.br\/site\/wp-json\/wp\/v2\/categories?post=161"},{"taxonomy":"post_tag","embeddable":true,"href":"http:\/\/magadesigner.com.br\/site\/wp-json\/wp\/v2\/tags?post=161"}],"curies":[{"name":"wp","href":"https:\/\/api.w.org\/{rel}","templated":true}]}}