{"id":144,"date":"2016-03-15T21:19:43","date_gmt":"2016-03-16T00:19:43","guid":{"rendered":"http:\/\/magadesigner.com.br\/site\/?p=144"},"modified":"2017-03-15T21:19:52","modified_gmt":"2017-03-16T00:19:52","slug":"distrito-criativo-do-porto","status":"publish","type":"post","link":"http:\/\/magadesigner.com.br\/site\/distrito-criativo-do-porto\/","title":{"rendered":"Distrito Criativo do Porto"},"content":{"rendered":"<p>O Distrito Criativo do porto \u00e9 um portal de informa\u00e7\u00f5es e relacionamento entre as empresas do setor criativo localizado no Porto Maravilha, polo de empreendedorismo carioca.<\/p>\n<p>Projeto ainda est\u00e1 em desenvovimento.<\/p>\n","protected":false},"excerpt":{"rendered":"<p>O Distrito Criativo do porto \u00e9 um portal de informa\u00e7\u00f5es e relacionamento entre as empresas do setor criativo localizado no Porto Maravilha, polo de empreendedorismo carioca. Projeto ainda est\u00e1 em desenvovimento.<\/p>\n","protected":false},"author":1,"featured_media":0,"comment_status":"open","ping_status":"open","sticky":false,"template":"","format":"standard","meta":[],"categories":[1],"tags":[],"_links":{"self":[{"href":"http:\/\/magadesigner.com.br\/site\/wp-json\/wp\/v2\/posts\/144"}],"collection":[{"href":"http:\/\/magadesigner.com.br\/site\/wp-json\/wp\/v2\/posts"}],"about":[{"href":"http:\/\/magadesigner.com.br\/site\/wp-json\/wp\/v2\/types\/post"}],"author":[{"embeddable":true,"href":"http:\/\/magadesigner.com.br\/site\/wp-json\/wp\/v2\/users\/1"}],"replies":[{"embeddable":true,"href":"http:\/\/magadesigner.com.br\/site\/wp-json\/wp\/v2\/comments?post=144"}],"version-history":[{"count":1,"href":"http:\/\/magadesigner.com.br\/site\/wp-json\/wp\/v2\/posts\/144\/revisions"}],"predecessor-version":[{"id":145,"href":"http:\/\/magadesigner.com.br\/site\/wp-json\/wp\/v2\/posts\/144\/revisions\/145"}],"wp:attachment":[{"href":"http:\/\/magadesigner.com.br\/site\/wp-json\/wp\/v2\/media?parent=144"}],"wp:term":[{"taxonomy":"category","embeddable":true,"href":"http:\/\/magadesigner.com.br\/site\/wp-json\/wp\/v2\/categories?post=144"},{"taxonomy":"post_tag","embeddable":true,"href":"http:\/\/magadesigner.com.br\/site\/wp-json\/wp\/v2\/tags?post=144"}],"curies":[{"name":"wp","href":"https:\/\/api.w.org\/{rel}","templated":true}]}}