{"id":142,"date":"2016-03-15T21:16:29","date_gmt":"2016-03-16T00:16:29","guid":{"rendered":"http:\/\/magadesigner.com.br\/site\/?p=142"},"modified":"2017-03-15T21:17:09","modified_gmt":"2017-03-16T00:17:09","slug":"dermatus-cosmetica-medica","status":"publish","type":"post","link":"http:\/\/magadesigner.com.br\/site\/dermatus-cosmetica-medica\/","title":{"rendered":"Dermatus Cosm\u00e9tica M\u00e9dica"},"content":{"rendered":"<p>A Dermatus \u00e9 uma loja de cosm\u00e9ticos m\u00e9dicos com v\u00e1rias lojas espalhadas pelo pa\u00eds. A empresa conta com um site institucional que conta a hist\u00f3ria da empresa e um e-commerce para venda de produtos para todo o Brasil.<\/p>\n<p><a href=\"http:\/\/www.dermatus.com.br\" target=\"_blank\">www.dermatus.com.br<\/a><\/p>\n","protected":false},"excerpt":{"rendered":"<p>A Dermatus \u00e9 uma loja de cosm\u00e9ticos m\u00e9dicos com v\u00e1rias lojas espalhadas pelo pa\u00eds. A empresa conta com um site institucional que conta a hist\u00f3ria da empresa e um e-commerce para venda de produtos para todo o Brasil. www.dermatus.com.br<\/p>\n","protected":false},"author":1,"featured_media":0,"comment_status":"open","ping_status":"open","sticky":false,"template":"","format":"standard","meta":[],"categories":[1],"tags":[],"_links":{"self":[{"href":"http:\/\/magadesigner.com.br\/site\/wp-json\/wp\/v2\/posts\/142"}],"collection":[{"href":"http:\/\/magadesigner.com.br\/site\/wp-json\/wp\/v2\/posts"}],"about":[{"href":"http:\/\/magadesigner.com.br\/site\/wp-json\/wp\/v2\/types\/post"}],"author":[{"embeddable":true,"href":"http:\/\/magadesigner.com.br\/site\/wp-json\/wp\/v2\/users\/1"}],"replies":[{"embeddable":true,"href":"http:\/\/magadesigner.com.br\/site\/wp-json\/wp\/v2\/comments?post=142"}],"version-history":[{"count":1,"href":"http:\/\/magadesigner.com.br\/site\/wp-json\/wp\/v2\/posts\/142\/revisions"}],"predecessor-version":[{"id":143,"href":"http:\/\/magadesigner.com.br\/site\/wp-json\/wp\/v2\/posts\/142\/revisions\/143"}],"wp:attachment":[{"href":"http:\/\/magadesigner.com.br\/site\/wp-json\/wp\/v2\/media?parent=142"}],"wp:term":[{"taxonomy":"category","embeddable":true,"href":"http:\/\/magadesigner.com.br\/site\/wp-json\/wp\/v2\/categories?post=142"},{"taxonomy":"post_tag","embeddable":true,"href":"http:\/\/magadesigner.com.br\/site\/wp-json\/wp\/v2\/tags?post=142"}],"curies":[{"name":"wp","href":"https:\/\/api.w.org\/{rel}","templated":true}]}}