{"id":117,"date":"2016-11-20T21:21:08","date_gmt":"2016-11-20T21:21:08","guid":{"rendered":"http:\/\/magadesigner.com.br\/site\/?p=117"},"modified":"2016-11-20T21:21:08","modified_gmt":"2016-11-20T21:21:08","slug":"revista-dasartes","status":"publish","type":"post","link":"http:\/\/magadesigner.com.br\/site\/revista-dasartes\/","title":{"rendered":"Revista DasArtes"},"content":{"rendered":"<p>O Aplicativo da Revista DasArtes foi desenvolvido para transportar a revista impressa para o mundo digital. E o aplicativo facilita a fideliza\u00e7\u00e3o dos leitores.<\/p>\n<p>Dispon\u00edvel para IOS.<\/p>\n","protected":false},"excerpt":{"rendered":"<p>O Aplicativo da Revista DasArtes foi desenvolvido para transportar a revista impressa para o mundo digital. E o aplicativo facilita a fideliza\u00e7\u00e3o dos leitores. Dispon\u00edvel para IOS.<\/p>\n","protected":false},"author":1,"featured_media":72,"comment_status":"open","ping_status":"open","sticky":false,"template":"","format":"standard","meta":[],"categories":[1],"tags":[],"_links":{"self":[{"href":"http:\/\/magadesigner.com.br\/site\/wp-json\/wp\/v2\/posts\/117"}],"collection":[{"href":"http:\/\/magadesigner.com.br\/site\/wp-json\/wp\/v2\/posts"}],"about":[{"href":"http:\/\/magadesigner.com.br\/site\/wp-json\/wp\/v2\/types\/post"}],"author":[{"embeddable":true,"href":"http:\/\/magadesigner.com.br\/site\/wp-json\/wp\/v2\/users\/1"}],"replies":[{"embeddable":true,"href":"http:\/\/magadesigner.com.br\/site\/wp-json\/wp\/v2\/comments?post=117"}],"version-history":[{"count":1,"href":"http:\/\/magadesigner.com.br\/site\/wp-json\/wp\/v2\/posts\/117\/revisions"}],"predecessor-version":[{"id":118,"href":"http:\/\/magadesigner.com.br\/site\/wp-json\/wp\/v2\/posts\/117\/revisions\/118"}],"wp:featuredmedia":[{"embeddable":true,"href":"http:\/\/magadesigner.com.br\/site\/wp-json\/wp\/v2\/media\/72"}],"wp:attachment":[{"href":"http:\/\/magadesigner.com.br\/site\/wp-json\/wp\/v2\/media?parent=117"}],"wp:term":[{"taxonomy":"category","embeddable":true,"href":"http:\/\/magadesigner.com.br\/site\/wp-json\/wp\/v2\/categories?post=117"},{"taxonomy":"post_tag","embeddable":true,"href":"http:\/\/magadesigner.com.br\/site\/wp-json\/wp\/v2\/tags?post=117"}],"curies":[{"name":"wp","href":"https:\/\/api.w.org\/{rel}","templated":true}]}}